{"id":112980,"date":"2015-05-02T22:00:27","date_gmt":"2015-05-02T22:00:27","guid":{"rendered":"http:\/\/www.golf1.is\/?p=112980"},"modified":"2015-05-02T22:35:05","modified_gmt":"2015-05-02T22:35:05","slug":"let-access-valdis-thora-wurde-t-12-und-olafia-thorunn-t-24-in-spanien","status":"publish","type":"post","link":"https:\/\/www.golf1.is\/de\/let-access-valdis-thora-wurde-t-12-und-olafia-thorunn-t-24-in-spanien\/","title":{"rendered":"LET Access: Vald\u00eds \u00de\u00f3ra wurde T-12 und \u00d3laf\u00eda \u00de\u00f3runn T-24 in Spanien"},"content":{"rendered":"<p>Zwei von Islands besten Golferinen<strong>, Valdis \u00de\u00f3ra J\u00f3nsd\u00f3ttir<\/strong>, vom Golf Club Leynir (GL) in Akranes, Island und <strong>\u00d3laf\u00eda \u00de\u00f3runn Kristinsd\u00f3ttir<\/strong>, vom Golf Club Reykjav\u00edk (GR) Island nehmen beide and der LET Access in dieser 2015 Saison teil. (LET Access ist eine Abk\u00fcrzung f\u00fcr Ladies European Tour &#8211; Access, das ist die 2. Liga der Frauen im Golf in Europa)<\/p>\n<p>Es ist das erste Mal das Island zwei Frauen auf der LET Access\u00a0hat.<\/p>\n<div id=\"attachment_41090\" style=\"width: 258px\" class=\"wp-caption alignnone\"><a href=\"http:\/\/www.golf1.is\/wp-content\/uploads\/2019\/04\/313152_10150792655145106_668470105_20729388_1020489637_n.jpg\"><img loading=\"lazy\" decoding=\"async\" aria-describedby=\"caption-attachment-41090\" class=\"size-full wp-image-41090\" src=\"http:\/\/www.golf1.is\/wp-content\/uploads\/2019\/04\/313152_10150792655145106_668470105_20729388_1020489637_n.jpg\" alt=\"Vald\u00eds \u00de\u00f3ra J\u00f3nsd\u00f3ttir, GL.\" width=\"248\" height=\"427\" srcset=\"https:\/\/www.golf1.is\/wp-content\/uploads\/2019\/04\/313152_10150792655145106_668470105_20729388_1020489637_n.jpg 248w, https:\/\/www.golf1.is\/wp-content\/uploads\/2019\/04\/313152_10150792655145106_668470105_20729388_1020489637_n-174x300.jpg 174w\" sizes=\"auto, (max-width: 248px) 100vw, 248px\" \/><\/a><p id=\"caption-attachment-41090\" class=\"wp-caption-text\">Vald\u00eds \u00de\u00f3ra J\u00f3nsd\u00f3ttir, GL in Island<\/p><\/div>\n<p>Vald\u00eds \u00de\u00f3ra nahm in dieser vergangenen Woche, an ihrem zweiten Turnier in der LET Access in dieser Saison teil &#8211; Ihr erstes Turnier war das Open Generali De Dinard, das am 16.-18. April in Dinard Frankreich stattfandt. \u00a0Dort erzielte sie den geteilten 35. Platz &#8211; spielte insgesamt mit 10 \u00fcber Par, 217 Schl\u00e4gen (74 71 72).<\/p>\n<p>In ihrem zweiten Turnier in dieser Saison, dem\u00a0Ribeira Sacra Patrimonio de la Humanidad International Ladies Open Turnier, das in Lugo, Spanien, am 29. April- 1. Ma\u00ed 2015 stattfandt, verbesserte sich Vald\u00eds \u00de\u00f3ras Ergebnis, sie landete den geteilten 12. Platz (T-12) mit einem Endstand von insgesamt 3 \u00fcber Par, 213 Schl\u00e4gen (70 73 70).<\/p>\n<p>Nach dem Turnier sagte Vald\u00eds \u00de\u00f3ra auf ihrer Facebook Seite:<\/p>\n<p>\u201e<em>Habe das zweite Turnier beendet! Endete im 12.-15. Platz mit +3. \u00a0Ich spielte gut im gro\u00dfen und ganzen und war zufrieden mit meinen Schl\u00e4gen obwohl meine Putts in der zweiten Runde etwas aus blieben. Ich bekam zwei Eagles im Turnier und hatte Pech nicht einen Albatros heute zu kriegen, da ich 10 cm zu weit schlug! Ich nehme vieles gutes mit mir ins n\u00e4chste Turnier das am \u00a07.-9. Mai in der Schweiz stattfindet<\/em>.&#8220;<\/p>\n<div id=\"attachment_100988\" style=\"width: 310px\" class=\"wp-caption alignnone\"><a href=\"http:\/\/www.golf1.is\/wp-content\/uploads\/2014\/08\/1-a-Olafia.jpg\"><img loading=\"lazy\" decoding=\"async\" aria-describedby=\"caption-attachment-100988\" class=\"size-medium wp-image-100988\" src=\"http:\/\/www.golf1.is\/wp-content\/uploads\/2014\/08\/1-a-Olafia-300x206.jpg\" alt=\"\u00d3laf\u00eda \u00de\u00f3runn, GR, Islandsmeisterin im Z\u00e4hlspiel 2014\" width=\"300\" height=\"206\" srcset=\"https:\/\/www.golf1.is\/wp-content\/uploads\/2014\/08\/1-a-Olafia-300x206.jpg 300w, https:\/\/www.golf1.is\/wp-content\/uploads\/2014\/08\/1-a-Olafia.jpg 600w\" sizes=\"auto, (max-width: 300px) 100vw, 300px\" \/><\/a><p id=\"caption-attachment-100988\" class=\"wp-caption-text\">\u00d3laf\u00eda \u00de\u00f3runn, GR, Islandsmeisterin im Z\u00e4hlspiel 2014<\/p><\/div>\n<p>Das\u00a0Ribeira Sacra Patrimonio de la Humanidad International Ladies Open Turnier war \u00d3laf\u00eda \u00de\u00f3runns, der Islandsmeisterin im Z\u00e4hlspiel 2014 in Island, \u00a0erstes Turnier im LET Access in dieser Saison. \u00a0Sie spielte sehr ebenm\u00e4\u00dfiges Golf, war 6 \u00fcber Par, hatte drei Runden von je 72 Schl\u00e4gen und erziehlte den geteilten 24. Platz.<\/p>\n<p>Auf Ihrer Facebook Seite sagte \u00d3laf\u00eda \u00de\u00f3runn u.A.:<\/p>\n<p>\u201e<em>Es ist einfach so! 72-72-72. Am Abend waren wir Vald\u00eds in unserem Schlafzimmer in Porto und morgen (das ist Heute den 2. Ma\u00ed) fliegen wir nach Deutschland. Wie haben ein paar Tage frei und dann fahren wir in die Schweiz in das n\u00e4chste Turnier. Muy bien! (\u00d3laf\u00eda \u00de\u00f3runn)<\/em>&#8220;<\/p>\n<p>Um das Endergebnis des\u00a0Ribeira Sacra Patrimonio de la Humanidad International Ladies Open Turniers zu sehen bitte <a href=\"http:\/\/www.access.letscoring.com\/entries\/2903\"><strong>HIER ANKLICKEN:\u00a0<\/strong><\/a><\/p>\n<p>Das n\u00e4chste Turnier an den die beiden Isl\u00e4ndischen Golferinen \u00d3laf\u00eda \u00de\u00f3runn und Vald\u00eds \u00de\u00f3ra\u00a0teilnehmen werden ist das ASGI LADIES OPEN, das im\u00a0Gams-Werdenberg GolfClub, Gams,\u00a0in der Schweiz am 7.-9. Ma\u00ed 2015 stattfindet.<\/p>\n","protected":false},"excerpt":{"rendered":"<p>Zwei von Islands besten Golferinen, Valdis \u00de\u00f3ra J\u00f3nsd\u00f3ttir, vom Golf Club Leynir (GL) in Akranes, Island und \u00d3laf\u00eda \u00de\u00f3runn Kristinsd\u00f3ttir, vom Golf Club Reykjav\u00edk (GR) Island nehmen beide and der LET Access in dieser 2015 Saison teil. (LET Access ist eine Abk\u00fcrzung f\u00fcr Ladies European Tour &#8211; Access, das ist die 2. Liga der Frauen im Golf in Europa) Es ist das erste Mal das Island zwei Frauen auf der LET Access\u00a0hat. Vald\u00eds \u00de\u00f3ra nahm in dieser vergangenen Woche, an ihrem zweiten Turnier in der LET Access in dieser Saison teil &#8211; Ihr erstes Turnier war das Open Generali De Dinard, das am 16.-18. April in Dinard Frankreich stattfandt. \u00a0Dort  <a href=\"https:\/\/www.golf1.is\/de\/let-access-valdis-thora-wurde-t-12-und-olafia-thorunn-t-24-in-spanien\/\" class=\"read-more\">Lesa meira<\/a><\/p>\n","protected":false},"author":3,"featured_media":107119,"comment_status":"open","ping_status":"closed","sticky":false,"template":"","format":"standard","meta":{"_acf_changed":false,"_exactmetrics_skip_tracking":false,"_exactmetrics_sitenote_active":false,"_exactmetrics_sitenote_note":"","_exactmetrics_sitenote_category":0,"footnotes":"","_links_to":"","_links_to_target":""},"categories":[11],"tags":[],"class_list":["post-112980","post","type-post","status-publish","format-standard","has-post-thumbnail","hentry","category-aktuelles","cat-11-id"],"acf":[],"views":2860,"_links":{"self":[{"href":"https:\/\/www.golf1.is\/de\/wp-json\/wp\/v2\/posts\/112980","targetHints":{"allow":["GET"]}}],"collection":[{"href":"https:\/\/www.golf1.is\/de\/wp-json\/wp\/v2\/posts"}],"about":[{"href":"https:\/\/www.golf1.is\/de\/wp-json\/wp\/v2\/types\/post"}],"author":[{"embeddable":true,"href":"https:\/\/www.golf1.is\/de\/wp-json\/wp\/v2\/users\/3"}],"replies":[{"embeddable":true,"href":"https:\/\/www.golf1.is\/de\/wp-json\/wp\/v2\/comments?post=112980"}],"version-history":[{"count":0,"href":"https:\/\/www.golf1.is\/de\/wp-json\/wp\/v2\/posts\/112980\/revisions"}],"wp:featuredmedia":[{"embeddable":true,"href":"https:\/\/www.golf1.is\/de\/wp-json\/wp\/v2\/media\/107119"}],"wp:attachment":[{"href":"https:\/\/www.golf1.is\/de\/wp-json\/wp\/v2\/media?parent=112980"}],"wp:term":[{"taxonomy":"category","embeddable":true,"href":"https:\/\/www.golf1.is\/de\/wp-json\/wp\/v2\/categories?post=112980"},{"taxonomy":"post_tag","embeddable":true,"href":"https:\/\/www.golf1.is\/de\/wp-json\/wp\/v2\/tags?post=112980"}],"curies":[{"name":"wp","href":"https:\/\/api.w.org\/{rel}","templated":true}]}}